{"id":103,"date":"2019-11-15T17:19:20","date_gmt":"2019-11-15T17:19:20","guid":{"rendered":"https:\/\/transakcija.si\/med-modro-in-roza\/?p=103"},"modified":"2019-11-18T14:10:32","modified_gmt":"2019-11-18T14:10:32","slug":"o-projektu","status":"publish","type":"post","link":"https:\/\/transakcija.si\/med-modro-in-roza\/o-projektu\/","title":{"rendered":"O projektu"},"content":{"rendered":"<p><span style=\"font-weight: 400;\">&#8221;Bo fantek ali pun\u010dka?&#8221; je pogosto prvo vpra\u0161anje, ki ga zastavimo osebam, ki pri\u010dakujejo otroka. &#8221;Se \u017ee ve?&#8221; &#8221;Kaj pa si \u017eeli\u0161?&#8221; &#8221;Sta \u017ee izbrali_a ime?&#8221; Vse to nas zanima, \u0161e preden otrok sploh pride na svet in postane \u2013 otrok.\u00a0<\/span><\/p>\n<p><span style=\"font-weight: 400;\">Kaj pa \u010de se najljub\u0161e barve otrok ne ujemajo s tem, kar se od njih pri\u010dakuje? Kaj \u010de jim je bolj v\u0161e\u010d druga barva? Morda sploh ne marajo ne modre, ne roza? Ali pa sta jim v\u0161e\u010d obe?\u00a0<\/span><\/p>\n<p><span style=\"font-weight: 400;\">&#8221;Med modro in roza: priro\u010dnik o transspolnosti&#8221; ponuja osnovne informacije o transspolnosti, predvsem pa nasvete za podporo pri razumevanju lastne spolne identitete v svetu in dru\u017ebi, kjer transspolne osebe te podpore najve\u010dkrat nimajo. V pomo\u010d je gotovo lahko tudi vsem, ki transspolne osebe spremljate na njihovi poti.\u00a0<\/span><\/p>\n<p><img decoding=\"async\" loading=\"lazy\" class=\"alignnone size-full wp-image-104\" src=\"https:\/\/transakcija.si\/med-modro-in-roza\/wp-content\/uploads\/2019\/11\/Screenshot-2019-11-15-at-18.18.22.png\" alt=\"financerji: mamacash, mestna ob\u010dina ljubljana, international trans fund, astraea lesbian foundation for justice\" width=\"234\" height=\"336\" srcset=\"https:\/\/transakcija.si\/med-modro-in-roza\/wp-content\/uploads\/2019\/11\/Screenshot-2019-11-15-at-18.18.22.png 234w, https:\/\/transakcija.si\/med-modro-in-roza\/wp-content\/uploads\/2019\/11\/Screenshot-2019-11-15-at-18.18.22-209x300.png 209w\" sizes=\"(max-width: 234px) 100vw, 234px\" \/><\/p>\n","protected":false},"excerpt":{"rendered":"<p>&#8221;Bo fantek ali pun\u010dka?&#8221; je pogosto prvo vpra\u0161anje, ki ga zastavimo osebam, ki pri\u010dakujejo otroka. &#8221;Se \u017ee ve?&#8221; &#8221;Kaj pa si \u017eeli\u0161?&#8221; &#8221;Sta \u017ee izbrali_a ime?&#8221; Vse to nas zanima, \u0161e preden otrok sploh pride na svet in postane \u2013 otrok.\u00a0 Kaj pa \u010de se najljub\u0161e barve otrok ne ujemajo s tem, kar se od &hellip; <a href=\"https:\/\/transakcija.si\/med-modro-in-roza\/o-projektu\/\" class=\"more-link\">Continue reading <span class=\"screen-reader-text\">O projektu<\/span><\/a><\/p>\n","protected":false},"author":1,"featured_media":0,"comment_status":"closed","ping_status":"closed","sticky":false,"template":"","format":"standard","meta":{"footnotes":""},"categories":[1],"tags":[],"_links":{"self":[{"href":"https:\/\/transakcija.si\/med-modro-in-roza\/wp-json\/wp\/v2\/posts\/103"}],"collection":[{"href":"https:\/\/transakcija.si\/med-modro-in-roza\/wp-json\/wp\/v2\/posts"}],"about":[{"href":"https:\/\/transakcija.si\/med-modro-in-roza\/wp-json\/wp\/v2\/types\/post"}],"author":[{"embeddable":true,"href":"https:\/\/transakcija.si\/med-modro-in-roza\/wp-json\/wp\/v2\/users\/1"}],"replies":[{"embeddable":true,"href":"https:\/\/transakcija.si\/med-modro-in-roza\/wp-json\/wp\/v2\/comments?post=103"}],"version-history":[{"count":2,"href":"https:\/\/transakcija.si\/med-modro-in-roza\/wp-json\/wp\/v2\/posts\/103\/revisions"}],"predecessor-version":[{"id":114,"href":"https:\/\/transakcija.si\/med-modro-in-roza\/wp-json\/wp\/v2\/posts\/103\/revisions\/114"}],"wp:attachment":[{"href":"https:\/\/transakcija.si\/med-modro-in-roza\/wp-json\/wp\/v2\/media?parent=103"}],"wp:term":[{"taxonomy":"category","embeddable":true,"href":"https:\/\/transakcija.si\/med-modro-in-roza\/wp-json\/wp\/v2\/categories?post=103"},{"taxonomy":"post_tag","embeddable":true,"href":"https:\/\/transakcija.si\/med-modro-in-roza\/wp-json\/wp\/v2\/tags?post=103"}],"curies":[{"name":"wp","href":"https:\/\/api.w.org\/{rel}","templated":true}]}}